{"id":218,"date":"2022-06-15T14:29:10","date_gmt":"2022-06-15T14:29:10","guid":{"rendered":"https:\/\/ramirotrezza.org\/sitio\/?p=218"},"modified":"2022-06-23T18:44:21","modified_gmt":"2022-06-23T18:44:21","slug":"inscripciones-semana-20-06-al-24-06","status":"publish","type":"post","link":"https:\/\/ramirotrezza.org\/sitio\/inscripciones-semana-20-06-al-24-06\/","title":{"rendered":"Inscripciones 2022: semana 27\/06 al 01\/07"},"content":{"rendered":"\n<p style=\"font-size:16px\"><strong>\u00a1Hola! Esta es la primera publicaci\u00f3n sobre cursos, semanalmente voy a subir informaci\u00f3n sobre las inscripciones . Record\u00e1 que ante cualquier duda debes contactarte con la pagina oficial de la <a rel=\"noreferrer noopener\" href=\"https:\/\/www.facebook.com\/EscuelaDeOficiosLDZ\" target=\"_blank\">Escuela de oficios en Facebook<\/a> o enviarme un mensaje privado a mis redes sociales:<\/strong><\/p>\n\n\n\n<h4 class=\"has-bg-color-color has-text-hover-background-color has-text-color has-background wp-block-heading\">MANICUR\u00cdA B\u00c1SICA <\/h4>\n\n\n\n<p><strong>Inscripci\u00f3n<\/strong>: de forma presencial el S\u00e1bado 11\/06, 18\/06 y 25\/06 de 18hs a 19.30hs y por mensaje de WhatsApp desde el Martes 21\/06 al jueves 23\/06 de Junio 10hs a 15hs<\/p>\n\n\n\n<p><strong>Inicio del curso: <\/strong>27\/06\/2022 HORARIOS: LUNES DE 14:30HS A 16:30HS <strong>Duraci\u00f3n:<\/strong> 8 clases<\/p>\n\n\n\n<p><strong>Direcci\u00f3n: <\/strong>Parroquia Cristo Obrero, Gaona 1285,\u00a0El Faro\u00a0(Lomas de Zamora)<\/p>\n\n\n\n<center><iframe src=\"https:\/\/www.google.com\/maps\/embed?pb=!1m18!1m12!1m3!1d3278.282415184105!2d-58.437765857672126!3d-34.74847801824188!2m3!1f0!2f0!3f0!3m2!1i1024!2i768!4f13.1!3m3!1m2!1s0x95bccd8b7c34fb3b%3A0xba86fc50d0ee0afa!2sGaona%201285%2C%20B1828KKS%20Ingeniero%20Budge%2C%20Provincia%20de%20Buenos%20Aires!5e0!3m2!1ses!2sar!4v1656008366660!5m2!1ses!2sar\" width=\"600\" height=\"450\" style=\"border:0;\" allowfullscreen=\"\" loading=\"lazy\" referrerpolicy=\"no-referrer-when-downgrade\"><\/iframe><\/center>\n\n\n\n<p><strong>\u00a1IMPORTANTE!:<\/strong>  <\/p>\n\n\n\n<h4 class=\"has-bg-color-color has-text-hover-background-color has-text-color has-background wp-block-heading\">INSTALACI\u00d3N DE AIRE ACONDICIONADO<\/h4>\n\n\n\n<p><strong>Inscripci\u00f3n<\/strong>: de forma presencial desde el Martes 21\/06 al Viernes 24\/06 de Junio de 17hs a 20hs<\/p>\n\n\n\n<p><strong>Inicio del curso: <\/strong>27\/06\/2022 HORARIOS: LUNES DE 17:30HS A 19:30HS <strong>Duraci\u00f3n:<\/strong> 8 clases<\/p>\n\n\n\n<p><strong>Direcci\u00f3n: <\/strong>Centro Cultural Babylonia \u00ab\u00c1rte y M\u00fasica\u00bb, Guanmin\u00ed 2540 entre Figueredo y Azamor, Ing. Budge<\/p>\n\n\n\n<center><iframe src=\"https:\/\/www.google.com\/maps\/embed?pb=!1m18!1m12!1m3!1d3279.755823982747!2d-58.46155328513605!3d-34.711338180431774!2m3!1f0!2f0!3f0!3m2!1i1024!2i768!4f13.1!3m3!1m2!1s0x95bccc28eff3271d%3A0x541a39e8bd81c6c5!2sGuamin%C3%AD%202540%2C%20B1827BCJ%20Ingeniero%20Budge%2C%20Provincia%20de%20Buenos%20Aires!5e0!3m2!1ses!2sar!4v1656008484403!5m2!1ses!2sar\" width=\"600\" height=\"450\" style=\"border:0;\" allowfullscreen=\"\" loading=\"lazy\" referrerpolicy=\"no-referrer-when-downgrade\"><\/iframe><\/center>\n\n\n\n<p><strong>\u00a1IMPORTANTE!:<\/strong><\/p>\n\n\n\n<h4 class=\"has-bg-color-color has-text-hover-background-color has-text-color has-background wp-block-heading\">BARBER\u00cdA<\/h4>\n\n\n\n<p><strong>Inscripci\u00f3n<\/strong>: de forma presencial desde el Martes 21\/06 al Viernes 24\/06 de Junio de 10hs a 14hs<\/p>\n\n\n\n<p><strong>Inicio del curso: <\/strong>27\/06\/2022 HORARIOS: LUNES DE 17HS A 19HS <strong>Duraci\u00f3n:<\/strong> 8 clases<\/p>\n\n\n\n<p><strong>Direcci\u00f3n: <\/strong>Centro de Formaci\u00f3n Laboral Grierson, Guernica 321 entre Euskadi y Arana Goiri, Villa Albertina<\/p>\n\n\n\n<center><iframe src=\"https:\/\/www.google.com\/maps\/embed?pb=!1m18!1m12!1m3!1d1687.2629005802996!2d-58.45665704317008!3d-34.74401127471522!2m3!1f0!2f0!3f0!3m2!1i1024!2i768!4f13.1!3m3!1m2!1s0x95bccde43d339d7f%3A0x12ba350046c078a!2sGuernica%20321%2C%20B1827GHG%20Ingeniero%20Budge%2C%20Provincia%20de%20Buenos%20Aires!5e0!3m2!1ses!2sar!4v1656008673812!5m2!1ses!2sar\" width=\"600\" height=\"450\" style=\"border:0;\" allowfullscreen=\"\" loading=\"lazy\" referrerpolicy=\"no-referrer-when-downgrade\"><\/iframe><\/center>\n\n\n\n<p><strong>\u00a1IMPORTANTE!:<\/strong><\/p>\n\n\n\n<h4 class=\"has-bg-color-color has-text-hover-background-color has-text-color has-background wp-block-heading\">PELUQUER\u00cdA<\/h4>\n\n\n\n<p><strong>Inscripci\u00f3n<\/strong>: de forma presencial desde el Martes 21\/06 al Viernes 24\/06 de Junio de 16:30hs a 17:30hs y por whatssapp  de Martes 21\/06 a Viernes 24\/06 de Junio de 12hs a 18hs.<\/p>\n\n\n\n<p><strong>Inicio del curso: <\/strong>27\/06\/2022 HORARIOS: LUNES DE 17HS A 19HS <strong>Duraci\u00f3n:<\/strong> 8 clases<\/p>\n\n\n\n<p><strong>Direcci\u00f3n: <\/strong>Jard\u00edn Comunitario El Tren de los Sue\u00f1os, El Halc\u00f3n entre El Churrinche y El Zorzal, Temperley<\/p>\n\n\n\n<center><iframe src=\"https:\/\/www.google.com\/maps\/embed?pb=!1m18!1m12!1m3!1d1638.9686150073958!2d-58.34715034195488!3d-34.75717399510501!2m3!1f0!2f0!3f0!3m2!1i1024!2i768!4f13.1!3m3!1m2!1s0x95a32d1833aa8993%3A0xf9cf3f75225d7660!2sEl%20Halcon%20350%2C%20B1834%20Temperley%2C%20Provincia%20de%20Buenos%20Aires!5e0!3m2!1ses!2sar!4v1656008789371!5m2!1ses!2sar\" width=\"600\" height=\"450\" style=\"border:0;\" allowfullscreen=\"\" loading=\"lazy\" referrerpolicy=\"no-referrer-when-downgrade\"><\/iframe><\/center>\n\n\n\n<p><strong>\u00a1IMPORTANTE!:<\/strong><\/p>\n\n\n\n<h4 class=\"has-bg-color-color has-text-hover-background-color has-text-color has-background has-small-font-size wp-block-heading\"><\/h4>\n\n\n<div class=\"wp-block-image\">\n<figure class=\"aligncenter size-large\"><img loading=\"lazy\" decoding=\"async\" width=\"1024\" height=\"683\" src=\"https:\/\/ramirotrezza.org\/sitio\/wp-content\/uploads\/2022\/06\/287100787_547742956812144_2394649118999198661_n-1024x683.jpg\" alt=\"\" class=\"wp-image-250\" srcset=\"https:\/\/ramirotrezza.org\/sitio\/wp-content\/uploads\/2022\/06\/287100787_547742956812144_2394649118999198661_n-1024x683.jpg 1024w, https:\/\/ramirotrezza.org\/sitio\/wp-content\/uploads\/2022\/06\/287100787_547742956812144_2394649118999198661_n-300x200.jpg 300w, https:\/\/ramirotrezza.org\/sitio\/wp-content\/uploads\/2022\/06\/287100787_547742956812144_2394649118999198661_n-768x512.jpg 768w, https:\/\/ramirotrezza.org\/sitio\/wp-content\/uploads\/2022\/06\/287100787_547742956812144_2394649118999198661_n-1536x1024.jpg 1536w, https:\/\/ramirotrezza.org\/sitio\/wp-content\/uploads\/2022\/06\/287100787_547742956812144_2394649118999198661_n-370x247.jpg 370w, https:\/\/ramirotrezza.org\/sitio\/wp-content\/uploads\/2022\/06\/287100787_547742956812144_2394649118999198661_n-1420x946.jpg 1420w, https:\/\/ramirotrezza.org\/sitio\/wp-content\/uploads\/2022\/06\/287100787_547742956812144_2394649118999198661_n-600x400.jpg 600w, https:\/\/ramirotrezza.org\/sitio\/wp-content\/uploads\/2022\/06\/287100787_547742956812144_2394649118999198661_n.jpg 2048w\" sizes=\"auto, (max-width: 1024px) 100vw, 1024px\" \/><\/figure>\n<\/div>\n\n\n<h4 class=\"has-bg-color-color has-text-hover-background-color has-text-color has-background wp-block-heading\">MANICUR\u00cdA B\u00c1SICA<\/h4>\n\n\n\n<p><strong>Inscripci\u00f3n<\/strong>: por tel\u00e9fono de l\u00ednea al 75481416 desde el Martes 21\/06 al Viernes 24\/06 de Junio de 9:30hs a 13hs y de 16hs a 19hs.<\/p>\n\n\n\n<p><strong>Inicio del curso: <\/strong>27\/06\/2022 HORARIOS: LUNES DE 10HS A 12HS <strong>Duraci\u00f3n:<\/strong> 8 clases<\/p>\n\n\n\n<p><strong>Direcci\u00f3n: <\/strong>PJ Villa Fiorito, Larrazabal 2284 entre Pilcomayo y Z\u00e1rate, Fiorito (Lomas de Zamora)<\/p>\n\n\n\n<center><iframe src=\"https:\/\/www.google.com\/maps\/embed?pb=!1m18!1m12!1m3!1d1151.3178402668636!2d-58.43903770563929!3d-34.70478137080117!2m3!1f0!2f0!3f0!3m2!1i1024!2i768!4f13.1!3m3!1m2!1s0x95bccc4815bf92a3%3A0x76ba8b37f6c08d90!2sCVO%2C%20Larrazabal%202284%2C%20C1440%20Villa%20Fiorito%2C%20Buenos%20Aires!5e0!3m2!1ses!2sar!4v1656008866903!5m2!1ses!2sar\" width=\"600\" height=\"450\" style=\"border:0;\" allowfullscreen=\"\" loading=\"lazy\" referrerpolicy=\"no-referrer-when-downgrade\"><\/iframe><\/center>\n\n\n\n<p><strong>\u00a1IMPORTANTE!:<\/strong><\/p>\n\n\n\n<h4 class=\"has-bg-color-color has-text-hover-background-color has-text-color has-background wp-block-heading\">ELECTRICIDAD DOMICILIARIA <\/h4>\n\n\n\n<p><strong>Inscripci\u00f3n<\/strong>: de forma presencial desde el Martes 21\/06, Mi\u00e9rcoles 22\/06 y Viernes 24\/06 de Junio de 16hs a 20:30hs y los Jueves 23\/06 de Junio de 18hs a 20:30hs<\/p>\n\n\n\n<p><strong>Inicio del curso: <\/strong>27\/06\/2022 HORARIOS: LUNES DE 18HS A 20HS <strong>Duraci\u00f3n:<\/strong> 8 clases<\/p>\n\n\n\n<p><strong>Direcci\u00f3n: <\/strong>Sociedad de Fomento Domingo Faustino Sarmiento, Monteagudo 1539 entre Estrada y Av. Santa Fe, Banfield<\/p>\n\n\n\n<center><iframe src=\"https:\/\/www.google.com\/maps\/embed?pb=!1m18!1m12!1m3!1d1907.5652569196875!2d-58.41904349707729!3d-34.746059730369836!2m3!1f0!2f0!3f0!3m2!1i1024!2i768!4f13.1!3m3!1m2!1s0x95bccd803b55064d%3A0xef0905024ced4c23!2sBernardo%20de%20Monteagudo%201539%2C%20B1828HYF%20Banfield%2C%20Provincia%20de%20Buenos%20Aires!5e0!3m2!1ses!2sar!4v1656008915585!5m2!1ses!2sar\" width=\"600\" height=\"450\" style=\"border:0;\" allowfullscreen=\"\" loading=\"lazy\" referrerpolicy=\"no-referrer-when-downgrade\"><\/iframe><\/center>\n\n\n\n<p><strong>\u00a1IMPORTANTE!:<\/strong><\/p>\n\n\n\n<h4 class=\"has-bg-color-color has-text-hover-background-color has-text-color has-background wp-block-heading\">COSMETOLOG\u00cdA<\/h4>\n\n\n\n<p><strong>Inscripci\u00f3n<\/strong>: de forma presencial desde el Martes 21\/06 al Viernes 24\/06 de Junio de 08hs a 12hs.<\/p>\n\n\n\n<p><strong>Inicio del curso: <\/strong>29\/06\/2022 HORARIOS: MI\u00c9RCOLES DE 09HS A 11HS <strong>Duraci\u00f3n:<\/strong> 8 clases<\/p>\n\n\n\n<p><strong>Direcci\u00f3n: <\/strong>Centro de Formaci\u00f3n Laboral El Coraz\u00f3n de Felisa, Camino Pdte. Juan Domingo Per\u00f3n 31 entre Las linas Y Siiritto, Parque Bar\u00f3n<\/p>\n\n\n\n<center><iframe src=\"https:\/\/www.google.com\/maps\/embed?pb=!1m18!1m12!1m3!1d745.9888028981641!2d-58.43394346471064!3d-34.765514365171505!2m3!1f0!2f0!3f0!3m2!1i1024!2i768!4f13.1!3m3!1m2!1s0x95bcd26e9a3f0b99%3A0x884bbc80017cf0d5!2sCam.%20Pres.%20Juan%20Domingo%20Per%C3%B3n%2031%2C%20B1832EXA%20Lomas%20de%20Zamora%2C%20Provincia%20de%20Buenos%20Aires!5e0!3m2!1ses!2sar!4v1656009053714!5m2!1ses!2sar\" width=\"600\" height=\"450\" style=\"border:0;\" allowfullscreen=\"\" loading=\"lazy\" referrerpolicy=\"no-referrer-when-downgrade\"><\/iframe><\/center>\n\n\n\n<p><strong>\u00a1IMPORTANTE!:<\/strong><\/p>\n\n\n\n<h4 class=\"has-bg-color-color has-text-hover-background-color has-text-color has-background wp-block-heading\">MASAJE INTEGRAL<\/h4>\n\n\n\n<p><strong>Inscripci\u00f3n<\/strong>: por mensaje de WhatsApp al 11-3339-8194,  desde el Martes 21\/06 al Viernes 24\/06 de Junio de 10hs a 18hs<\/p>\n\n\n\n<p><strong>Inicio del curso: <\/strong>29\/06\/2022 HORARIOS: MI\u00c9RCOLES DE 18HS A 20HS <strong>Duraci\u00f3n:<\/strong> 8 clases<\/p>\n\n\n\n<p><strong>Direcci\u00f3n: <\/strong>Centro Cultural Jimaguas, Bel\u00e9n 1025 entre Omb\u00fa y Vidart, Parque Bar\u00f3n<\/p>\n\n\n\n<center><iframe src=\"https:\/\/www.google.com\/maps\/embed?pb=!1m18!1m12!1m3!1d1109.8371137360318!2d-58.438727298148414!3d-34.7537589355823!2m3!1f0!2f0!3f0!3m2!1i1024!2i768!4f13.1!3m3!1m2!1s0x95bcd2755de8d5ed%3A0x98b6b1ce97720642!2sBel%C3%A9n%201025%2C%20B1832MTB%20Lomas%20de%20Zamora%2C%20Provincia%20de%20Buenos%20Aires!5e0!3m2!1ses!2sar!4v1656009146536!5m2!1ses!2sar\" width=\"600\" height=\"450\" style=\"border:0;\" allowfullscreen=\"\" loading=\"lazy\" referrerpolicy=\"no-referrer-when-downgrade\"><\/iframe><\/center>\n\n\n\n<p><strong>\u00a1IMPORTANTE!:<\/strong><\/p>\n\n\n\n<h4 class=\"has-bg-color-color has-text-hover-background-color has-text-color has-background wp-block-heading\">ELECTRICIDAD DOMICILIARIA<\/h4>\n\n\n\n<p><strong>Inscripci\u00f3n<\/strong>: por mensaje de WhatsApp al 11-2536-6276 desde el Martes 21\/06 al Viernes 24\/06 de 09hs a 21hs y por mail al  centroculturalnocito@gmail.com<\/p>\n\n\n\n<p><strong>Inicio del curso: <\/strong>30\/06\/2022 HORARIOS: JUEVES DE 17:30HS A 19:30HS <strong>Duraci\u00f3n:<\/strong> 8 clases<\/p>\n\n\n\n<p><strong>Direcci\u00f3n: <\/strong>Centro Cultural Social y Deportivo Nocito, Isabel La C\u00e1tolica 975 entre Omb\u00fa y Izorrilla, Parque Bar\u00f3n<\/p>\n\n\n\n<center><iframe src=\"https:\/\/www.google.com\/maps\/embed?pb=!1m18!1m12!1m3!1d2736.699440883795!2d-58.440144145589706!3d-34.753429143271056!2m3!1f0!2f0!3f0!3m2!1i1024!2i768!4f13.1!3m3!1m2!1s0x95bccd8a9d38f441%3A0x85fa0a5b71ed75d2!2sIsabel%20la%20Cat%C3%B3lica%20975%2C%20B1832FIE%20Lomas%20de%20Zamora%2C%20Provincia%20de%20Buenos%20Aires!5e0!3m2!1ses!2sar!4v1656009202433!5m2!1ses!2sar\" width=\"600\" height=\"450\" style=\"border:0;\" allowfullscreen=\"\" loading=\"lazy\" referrerpolicy=\"no-referrer-when-downgrade\"><\/iframe><\/center>\n\n\n\n<p><strong>\u00a1IMPORTANTE!:<\/strong><\/p>\n\n\n\n<p><\/p>\n","protected":false},"excerpt":{"rendered":"<p>\u00a1Hola! Esta es la primera publicaci\u00f3n sobre cursos, semanalmente voy a subir informaci\u00f3n sobre las inscripciones . Record\u00e1 que ante cualquier duda debes contactarte con la pagina oficial de la Escuela de oficios en Facebook o enviarme un mensaje privado a mis redes sociales: MANICUR\u00cdA B\u00c1SICA Inscripci\u00f3n: de forma presencial el S\u00e1bado 11\/06, 18\/06 y&hellip;<\/p>\n","protected":false},"author":2,"featured_media":66,"comment_status":"closed","ping_status":"closed","sticky":false,"template":"","format":"standard","meta":{"footnotes":""},"categories":[66],"tags":[],"class_list":["post-218","post","type-post","status-publish","format-standard","has-post-thumbnail","hentry","category-inauguraciones"],"_links":{"self":[{"href":"https:\/\/ramirotrezza.org\/sitio\/wp-json\/wp\/v2\/posts\/218","targetHints":{"allow":["GET"]}}],"collection":[{"href":"https:\/\/ramirotrezza.org\/sitio\/wp-json\/wp\/v2\/posts"}],"about":[{"href":"https:\/\/ramirotrezza.org\/sitio\/wp-json\/wp\/v2\/types\/post"}],"author":[{"embeddable":true,"href":"https:\/\/ramirotrezza.org\/sitio\/wp-json\/wp\/v2\/users\/2"}],"replies":[{"embeddable":true,"href":"https:\/\/ramirotrezza.org\/sitio\/wp-json\/wp\/v2\/comments?post=218"}],"version-history":[{"count":21,"href":"https:\/\/ramirotrezza.org\/sitio\/wp-json\/wp\/v2\/posts\/218\/revisions"}],"predecessor-version":[{"id":255,"href":"https:\/\/ramirotrezza.org\/sitio\/wp-json\/wp\/v2\/posts\/218\/revisions\/255"}],"wp:featuredmedia":[{"embeddable":true,"href":"https:\/\/ramirotrezza.org\/sitio\/wp-json\/wp\/v2\/media\/66"}],"wp:attachment":[{"href":"https:\/\/ramirotrezza.org\/sitio\/wp-json\/wp\/v2\/media?parent=218"}],"wp:term":[{"taxonomy":"category","embeddable":true,"href":"https:\/\/ramirotrezza.org\/sitio\/wp-json\/wp\/v2\/categories?post=218"},{"taxonomy":"post_tag","embeddable":true,"href":"https:\/\/ramirotrezza.org\/sitio\/wp-json\/wp\/v2\/tags?post=218"}],"curies":[{"name":"wp","href":"https:\/\/api.w.org\/{rel}","templated":true}]}}